{"id":7255,"date":"2025-01-15T22:08:12","date_gmt":"2025-01-15T21:08:12","guid":{"rendered":"https:\/\/www.chornelimuenster.de\/?p=7255"},"modified":"2025-06-23T23:13:56","modified_gmt":"2025-06-23T21:13:56","slug":"unsere-aktivitaeten-im-neuen-jahr","status":"publish","type":"post","link":"https:\/\/www.chornelimuenster.de\/?p=7255","title":{"rendered":"Unsere Aktivit\u00e4ten im neuen Jahr"},"content":{"rendered":"<p>Mit Elan sind wir bereits mit unseren Chorproben ins neue Jahr gestartet, das wieder mit einigen Ereignissen aufwartet: Am <strong>Sonntag, 26.01.2025<\/strong>, feiern wir zun\u00e4chst ab 11.00 Uhr in der<strong> Aula des Inda-Gymnasiums<\/strong> mit einer <strong>Matin\u00e9e<\/strong> unser <strong>25-j\u00e4hriges Chorjubil\u00e4um. <\/strong>Zusammen mit drei Gastch\u00f6ren, dem Vielharmonischen Chor Roetgen, Notabene aus Aachen und der Kantorei Kornelim\u00fcnster sowie zahlreichen Ehreng\u00e4sten und ehemaligen S\u00e4ngerinnen und S\u00e4ngern.<br \/>\nKurz vor Ostern werden wir wieder zu unserem j\u00e4hrlichen <strong>Chorwochenende<\/strong> fahren, diesmal in die Jugendherberge nach Xanten, wo wir uns gesanglich auf die diesj\u00e4hrige Lange Chornacht bei der Chorbiennale 2025 in Aachen sowie auf unser Sommerkonzert in der Bergkirche vorbereiten wollen.<br \/>\nUnd nat\u00fcrlich steht in der zweiten Jahresh\u00e4lfte auch wieder unser <strong>Adventskonzert 2025<\/strong> an.<br \/>\nWir freuen uns sehr auf diese Events, und wir hoffen all unsere Chorfreundinnen und -freunde ebenso.<\/p>\n<p><a href=\"http:\/\/www.chornelimuenster.de\/wp-content\/uploads\/2025\/01\/IMG_3825.jpeg\" rel=\"lightbox[7255]\"><img loading=\"lazy\" decoding=\"async\" class=\"alignnone size-medium wp-image-7257\" src=\"http:\/\/www.chornelimuenster.de\/wp-content\/uploads\/2025\/01\/IMG_3825-300x170.jpeg\" alt=\"\" width=\"300\" height=\"170\" srcset=\"https:\/\/www.chornelimuenster.de\/wp-content\/uploads\/2025\/01\/IMG_3825-300x170.jpeg 300w, https:\/\/www.chornelimuenster.de\/wp-content\/uploads\/2025\/01\/IMG_3825-768x436.jpeg 768w, https:\/\/www.chornelimuenster.de\/wp-content\/uploads\/2025\/01\/IMG_3825.jpeg 960w\" sizes=\"auto, (max-width: 300px) 100vw, 300px\" \/><\/a><\/p>\n","protected":false},"excerpt":{"rendered":"<p>Mit Elan sind wir bereits mit unseren Chorproben ins neue Jahr gestartet, das wieder mit einigen Ereignissen aufwartet: Am Sonntag, 26.01.2025, feiern wir zun\u00e4chst ab 11.00 Uhr in der Aula des Inda-Gymnasiums mit einer Matin\u00e9e unser 25-j\u00e4hriges Chorjubil\u00e4um. Zusammen mit &hellip; <a href=\"https:\/\/www.chornelimuenster.de\/?p=7255\">Weiterlesen <span class=\"meta-nav\">&rarr;<\/span><\/a><\/p>\n","protected":false},"author":1,"featured_media":0,"comment_status":"closed","ping_status":"closed","sticky":false,"template":"","format":"standard","meta":{"ngg_post_thumbnail":0,"footnotes":""},"categories":[1],"tags":[],"class_list":["post-7255","post","type-post","status-publish","format-standard","hentry","category-allgemein"],"_links":{"self":[{"href":"https:\/\/www.chornelimuenster.de\/index.php?rest_route=\/wp\/v2\/posts\/7255","targetHints":{"allow":["GET"]}}],"collection":[{"href":"https:\/\/www.chornelimuenster.de\/index.php?rest_route=\/wp\/v2\/posts"}],"about":[{"href":"https:\/\/www.chornelimuenster.de\/index.php?rest_route=\/wp\/v2\/types\/post"}],"author":[{"embeddable":true,"href":"https:\/\/www.chornelimuenster.de\/index.php?rest_route=\/wp\/v2\/users\/1"}],"replies":[{"embeddable":true,"href":"https:\/\/www.chornelimuenster.de\/index.php?rest_route=%2Fwp%2Fv2%2Fcomments&post=7255"}],"version-history":[{"count":5,"href":"https:\/\/www.chornelimuenster.de\/index.php?rest_route=\/wp\/v2\/posts\/7255\/revisions"}],"predecessor-version":[{"id":7278,"href":"https:\/\/www.chornelimuenster.de\/index.php?rest_route=\/wp\/v2\/posts\/7255\/revisions\/7278"}],"wp:attachment":[{"href":"https:\/\/www.chornelimuenster.de\/index.php?rest_route=%2Fwp%2Fv2%2Fmedia&parent=7255"}],"wp:term":[{"taxonomy":"category","embeddable":true,"href":"https:\/\/www.chornelimuenster.de\/index.php?rest_route=%2Fwp%2Fv2%2Fcategories&post=7255"},{"taxonomy":"post_tag","embeddable":true,"href":"https:\/\/www.chornelimuenster.de\/index.php?rest_route=%2Fwp%2Fv2%2Ftags&post=7255"}],"curies":[{"name":"wp","href":"https:\/\/api.w.org\/{rel}","templated":true}]}}