{"id":7219,"date":"2024-11-11T19:22:30","date_gmt":"2024-11-11T18:22:30","guid":{"rendered":"https:\/\/www.chornelimuenster.de\/?p=7219"},"modified":"2025-01-17T11:41:46","modified_gmt":"2025-01-17T10:41:46","slug":"herzliche-einladung-zum-adventskonzert-4","status":"publish","type":"post","link":"https:\/\/www.chornelimuenster.de\/?p=7219","title":{"rendered":"Herzliche Einladung zum Adventskonzert"},"content":{"rendered":"<p>Unser diesj\u00e4hriges Adventskonzert findet am 8. Dezember 2024 um 17 Uhr in der Benediktinerabtei Kornelim\u00fcnster statt.<br \/>\nWir laden ganz herzlich dazu ein.<br \/>\nUnterst\u00fctzt werden wir auch in diesem Jahr vom Klarinetten-Saxophon Ensemble unter der Leitung von Vladimir Bayer.<\/p>\n<p><a href=\"http:\/\/www.chornelimuenster.de\/wp-content\/uploads\/2022\/11\/Adventskonzert 2023.jpg\" rel=\"lightbox[7219]\"><img decoding=\"async\" src=\"http:\/\/www.chornelimuenster.de\/wp-content\/uploads\/2024\/11\/Adventskonzert 2024.jpg\" alt=\"\" width=\"65%\" \/><\/a><\/p>\n","protected":false},"excerpt":{"rendered":"<p>Unser diesj\u00e4hriges Adventskonzert findet am 8. Dezember 2024 um 17 Uhr in der Benediktinerabtei Kornelim\u00fcnster statt. Wir laden ganz herzlich dazu ein. Unterst\u00fctzt werden wir auch in diesem Jahr vom Klarinetten-Saxophon Ensemble unter der Leitung von Vladimir Bayer.<\/p>\n","protected":false},"author":1,"featured_media":0,"comment_status":"closed","ping_status":"closed","sticky":false,"template":"","format":"standard","meta":{"ngg_post_thumbnail":0,"footnotes":""},"categories":[1],"tags":[],"class_list":["post-7219","post","type-post","status-publish","format-standard","hentry","category-allgemein"],"_links":{"self":[{"href":"https:\/\/www.chornelimuenster.de\/index.php?rest_route=\/wp\/v2\/posts\/7219","targetHints":{"allow":["GET"]}}],"collection":[{"href":"https:\/\/www.chornelimuenster.de\/index.php?rest_route=\/wp\/v2\/posts"}],"about":[{"href":"https:\/\/www.chornelimuenster.de\/index.php?rest_route=\/wp\/v2\/types\/post"}],"author":[{"embeddable":true,"href":"https:\/\/www.chornelimuenster.de\/index.php?rest_route=\/wp\/v2\/users\/1"}],"replies":[{"embeddable":true,"href":"https:\/\/www.chornelimuenster.de\/index.php?rest_route=%2Fwp%2Fv2%2Fcomments&post=7219"}],"version-history":[{"count":3,"href":"https:\/\/www.chornelimuenster.de\/index.php?rest_route=\/wp\/v2\/posts\/7219\/revisions"}],"predecessor-version":[{"id":7222,"href":"https:\/\/www.chornelimuenster.de\/index.php?rest_route=\/wp\/v2\/posts\/7219\/revisions\/7222"}],"wp:attachment":[{"href":"https:\/\/www.chornelimuenster.de\/index.php?rest_route=%2Fwp%2Fv2%2Fmedia&parent=7219"}],"wp:term":[{"taxonomy":"category","embeddable":true,"href":"https:\/\/www.chornelimuenster.de\/index.php?rest_route=%2Fwp%2Fv2%2Fcategories&post=7219"},{"taxonomy":"post_tag","embeddable":true,"href":"https:\/\/www.chornelimuenster.de\/index.php?rest_route=%2Fwp%2Fv2%2Ftags&post=7219"}],"curies":[{"name":"wp","href":"https:\/\/api.w.org\/{rel}","templated":true}]}}