{"id":6941,"date":"2024-08-20T21:19:33","date_gmt":"2024-08-20T19:19:33","guid":{"rendered":"https:\/\/www.chornelimuenster.de\/?p=6941"},"modified":"2025-01-17T11:40:38","modified_gmt":"2025-01-17T10:40:38","slug":"chorfahrt-nach-wallerfangen","status":"publish","type":"post","link":"https:\/\/www.chornelimuenster.de\/?p=6941","title":{"rendered":"Chorfahrt nach Wallerfangen"},"content":{"rendered":"<p align=\"JUSTIFY\">Am 1. Ferienwochenende vom 6. bis 7.7.2024 konnten wir endlich zum lange geplanten Besuch bei unserem befreundeten <a href=\"http:\/\/www.der-junge-chor.de\">Jungen Chor Wallerfangen<\/a> aufbrechen. Unser Sommerkonzert l\u00f6ste am Samstag auch in der Kirche St. Katharina viel Beifall aus, besonderes Highlight war ein gemeinsamer Auftritt mit dem gastgebenden Chor.<\/p>\n<p align=\"JUSTIFY\">Anschlie\u00dfend waren wir zu einem Sektempfang geladen. Ein Abendessen mit Buffet schloss sich an. In vielen pers\u00f6nlichen Gespr\u00e4chen konnten wir unsere Chorfreundschaft vertiefen.<\/p>\n<p align=\"JUSTIFY\">Besonders interessant gestaltete sich dann das Rahmenprogramm mit einer Stadtf\u00fchrung durch Saarlouis und anschlie\u00dfend der Besichtigung der V\u00f6lklinger H\u00fctte, die Teil des UNESCO Weltkulturerbes ist und das Programm in wunderbarer Weise abrundete.<\/p>\n<p align=\"JUSTIFY\"><a href=\"http:\/\/www.chornelimuenster.de\/wp-content\/uploads\/2024\/08\/IMG-20240708-WA0024-1.jpg\" rel=\"lightbox[6941]\"><img loading=\"lazy\" decoding=\"async\" class=\"alignnone size-medium wp-image-6943\" src=\"http:\/\/www.chornelimuenster.de\/wp-content\/uploads\/2024\/08\/IMG-20240708-WA0024-1-300x138.jpg\" alt=\"\" width=\"300\" height=\"138\" srcset=\"https:\/\/www.chornelimuenster.de\/wp-content\/uploads\/2024\/08\/IMG-20240708-WA0024-1-300x138.jpg 300w, https:\/\/www.chornelimuenster.de\/wp-content\/uploads\/2024\/08\/IMG-20240708-WA0024-1-1024x472.jpg 1024w, https:\/\/www.chornelimuenster.de\/wp-content\/uploads\/2024\/08\/IMG-20240708-WA0024-1-768x354.jpg 768w, https:\/\/www.chornelimuenster.de\/wp-content\/uploads\/2024\/08\/IMG-20240708-WA0024-1-1536x708.jpg 1536w, https:\/\/www.chornelimuenster.de\/wp-content\/uploads\/2024\/08\/IMG-20240708-WA0024-1.jpg 2000w\" sizes=\"auto, (max-width: 300px) 100vw, 300px\" \/><\/a> <a href=\"http:\/\/www.chornelimuenster.de\/wp-content\/uploads\/2024\/08\/IMG-20240708-WA0019.jpg\" rel=\"lightbox[6941]\"><img loading=\"lazy\" decoding=\"async\" class=\"alignnone size-medium wp-image-6944\" src=\"http:\/\/www.chornelimuenster.de\/wp-content\/uploads\/2024\/08\/IMG-20240708-WA0019-300x138.jpg\" alt=\"\" width=\"300\" height=\"138\" srcset=\"https:\/\/www.chornelimuenster.de\/wp-content\/uploads\/2024\/08\/IMG-20240708-WA0019-300x138.jpg 300w, https:\/\/www.chornelimuenster.de\/wp-content\/uploads\/2024\/08\/IMG-20240708-WA0019-1024x472.jpg 1024w, https:\/\/www.chornelimuenster.de\/wp-content\/uploads\/2024\/08\/IMG-20240708-WA0019-768x354.jpg 768w, https:\/\/www.chornelimuenster.de\/wp-content\/uploads\/2024\/08\/IMG-20240708-WA0019-1536x708.jpg 1536w, https:\/\/www.chornelimuenster.de\/wp-content\/uploads\/2024\/08\/IMG-20240708-WA0019.jpg 2000w\" sizes=\"auto, (max-width: 300px) 100vw, 300px\" \/><\/a><\/p>\n","protected":false},"excerpt":{"rendered":"<p>Am 1. Ferienwochenende vom 6. bis 7.7.2024 konnten wir endlich zum lange geplanten Besuch bei unserem befreundeten Jungen Chor Wallerfangen aufbrechen. Unser Sommerkonzert l\u00f6ste am Samstag auch in der Kirche St. Katharina viel Beifall aus, besonderes Highlight war ein gemeinsamer &hellip; <a href=\"https:\/\/www.chornelimuenster.de\/?p=6941\">Weiterlesen <span class=\"meta-nav\">&rarr;<\/span><\/a><\/p>\n","protected":false},"author":76,"featured_media":0,"comment_status":"closed","ping_status":"closed","sticky":false,"template":"","format":"standard","meta":{"ngg_post_thumbnail":0,"footnotes":""},"categories":[1],"tags":[],"class_list":["post-6941","post","type-post","status-publish","format-standard","hentry","category-allgemein"],"_links":{"self":[{"href":"https:\/\/www.chornelimuenster.de\/index.php?rest_route=\/wp\/v2\/posts\/6941","targetHints":{"allow":["GET"]}}],"collection":[{"href":"https:\/\/www.chornelimuenster.de\/index.php?rest_route=\/wp\/v2\/posts"}],"about":[{"href":"https:\/\/www.chornelimuenster.de\/index.php?rest_route=\/wp\/v2\/types\/post"}],"author":[{"embeddable":true,"href":"https:\/\/www.chornelimuenster.de\/index.php?rest_route=\/wp\/v2\/users\/76"}],"replies":[{"embeddable":true,"href":"https:\/\/www.chornelimuenster.de\/index.php?rest_route=%2Fwp%2Fv2%2Fcomments&post=6941"}],"version-history":[{"count":3,"href":"https:\/\/www.chornelimuenster.de\/index.php?rest_route=\/wp\/v2\/posts\/6941\/revisions"}],"predecessor-version":[{"id":6953,"href":"https:\/\/www.chornelimuenster.de\/index.php?rest_route=\/wp\/v2\/posts\/6941\/revisions\/6953"}],"wp:attachment":[{"href":"https:\/\/www.chornelimuenster.de\/index.php?rest_route=%2Fwp%2Fv2%2Fmedia&parent=6941"}],"wp:term":[{"taxonomy":"category","embeddable":true,"href":"https:\/\/www.chornelimuenster.de\/index.php?rest_route=%2Fwp%2Fv2%2Fcategories&post=6941"},{"taxonomy":"post_tag","embeddable":true,"href":"https:\/\/www.chornelimuenster.de\/index.php?rest_route=%2Fwp%2Fv2%2Ftags&post=6941"}],"curies":[{"name":"wp","href":"https:\/\/api.w.org\/{rel}","templated":true}]}}