{"id":6778,"date":"2023-04-24T07:08:39","date_gmt":"2023-04-24T05:08:39","guid":{"rendered":"http:\/\/www.chornelimuenster.de\/?p=6778"},"modified":"2025-01-17T12:14:01","modified_gmt":"2025-01-17T11:14:01","slug":"der-chornelimuenster-im-fruehjahr-und-sommer-2023","status":"publish","type":"post","link":"https:\/\/www.chornelimuenster.de\/?p=6778","title":{"rendered":"Der CHORnelim\u00fcnster im Fr\u00fchjahr und Sommer 2023"},"content":{"rendered":"<p>Das Jahr 2022 haben wir mit einem stimmungsvollen, sehr gut besuchten Adventskonzert abgeschlossen. Seit Januar proben wir wieder intensiv f\u00fcr unsere verschiedenen, durchaus herausfordernden Auftritte im laufenden Jahr 2023.<\/p>\n<p>Wir freuen uns sehr, dass wir in den ersten drei Monaten dieses Jahres eine Reihe von neuen S\u00e4ngerinnen und S\u00e4ngern begr\u00fc\u00dfen konnten, sodass unser Chor inzwischen \u00fcber 50 Mitglieder z\u00e4hlt.<\/p>\n<p>Auf unserem diesj\u00e4hrigen Chorwochenende im M\u00e4rz in Bad Neuenahr wurden die \u201eNeuen\u201c bereits bestens integriert, denn neben unserer Arbeit an Stimmbildung und aktuellem Programm konnte man sich beim abendlichen Feiern mit Musik n\u00e4her kennen lernen.<\/p>\n<p>Zurzeit bereiten wir uns intensiv auf unser Sommerkonzert in der Bergkirche Kornelim\u00fcnster vor. Dort werden wir am 17. Juni zusammen mit dem\u00a0<a href=\"http:\/\/www.der-junge-chor.de\">Jungen Chor Wallerfangen<\/a> aus dem Saarland auftreten.<\/p>\n<p>Unmittelbar danach nehmen wir im Rahmen der langen Chornacht am 24. Juni an der Chorbiennale in Aachen teil, der wir mit gro\u00dfer Vorfreude entgegensehen.<\/p>\n","protected":false},"excerpt":{"rendered":"<p>Das Jahr 2022 haben wir mit einem stimmungsvollen, sehr gut besuchten Adventskonzert abgeschlossen. Seit Januar proben wir wieder intensiv f\u00fcr unsere verschiedenen, durchaus herausfordernden Auftritte im laufenden Jahr 2023. Wir freuen uns sehr, dass wir in den ersten drei Monaten &hellip; <a href=\"https:\/\/www.chornelimuenster.de\/?p=6778\">Weiterlesen <span class=\"meta-nav\">&rarr;<\/span><\/a><\/p>\n","protected":false},"author":76,"featured_media":0,"comment_status":"closed","ping_status":"closed","sticky":false,"template":"","format":"standard","meta":{"ngg_post_thumbnail":0,"footnotes":""},"categories":[1],"tags":[],"class_list":["post-6778","post","type-post","status-publish","format-standard","hentry","category-allgemein"],"_links":{"self":[{"href":"https:\/\/www.chornelimuenster.de\/index.php?rest_route=\/wp\/v2\/posts\/6778","targetHints":{"allow":["GET"]}}],"collection":[{"href":"https:\/\/www.chornelimuenster.de\/index.php?rest_route=\/wp\/v2\/posts"}],"about":[{"href":"https:\/\/www.chornelimuenster.de\/index.php?rest_route=\/wp\/v2\/types\/post"}],"author":[{"embeddable":true,"href":"https:\/\/www.chornelimuenster.de\/index.php?rest_route=\/wp\/v2\/users\/76"}],"replies":[{"embeddable":true,"href":"https:\/\/www.chornelimuenster.de\/index.php?rest_route=%2Fwp%2Fv2%2Fcomments&post=6778"}],"version-history":[{"count":4,"href":"https:\/\/www.chornelimuenster.de\/index.php?rest_route=\/wp\/v2\/posts\/6778\/revisions"}],"predecessor-version":[{"id":6782,"href":"https:\/\/www.chornelimuenster.de\/index.php?rest_route=\/wp\/v2\/posts\/6778\/revisions\/6782"}],"wp:attachment":[{"href":"https:\/\/www.chornelimuenster.de\/index.php?rest_route=%2Fwp%2Fv2%2Fmedia&parent=6778"}],"wp:term":[{"taxonomy":"category","embeddable":true,"href":"https:\/\/www.chornelimuenster.de\/index.php?rest_route=%2Fwp%2Fv2%2Fcategories&post=6778"},{"taxonomy":"post_tag","embeddable":true,"href":"https:\/\/www.chornelimuenster.de\/index.php?rest_route=%2Fwp%2Fv2%2Ftags&post=6778"}],"curies":[{"name":"wp","href":"https:\/\/api.w.org\/{rel}","templated":true}]}}