{"id":6372,"date":"2020-03-14T14:29:20","date_gmt":"2020-03-14T13:29:20","guid":{"rendered":"http:\/\/www.chornelimuenster.de\/?p=6372"},"modified":"2020-03-14T14:29:20","modified_gmt":"2020-03-14T13:29:20","slug":"corona-und-chor-und-sonstige-aktivitaeten","status":"publish","type":"post","link":"https:\/\/www.chornelimuenster.de\/?p=6372","title":{"rendered":"Corona und Chor und sonstige Aktivit\u00e4ten"},"content":{"rendered":"Du musst angemeldet sein, um diesen Inhalt sehen zu k\u00f6nnen.","protected":false},"excerpt":{"rendered":"Du musst angemeldet sein, um diesen Inhalt sehen zu k\u00f6nnen.","protected":false},"author":27,"featured_media":0,"comment_status":"closed","ping_status":"closed","sticky":false,"template":"","format":"standard","meta":{"ngg_post_thumbnail":0,"footnotes":""},"categories":[1],"tags":[],"class_list":["post-6372","post","type-post","status-publish","format-standard","hentry","category-allgemein"],"_links":{"self":[{"href":"https:\/\/www.chornelimuenster.de\/index.php?rest_route=\/wp\/v2\/posts\/6372","targetHints":{"allow":["GET"]}}],"collection":[{"href":"https:\/\/www.chornelimuenster.de\/index.php?rest_route=\/wp\/v2\/posts"}],"about":[{"href":"https:\/\/www.chornelimuenster.de\/index.php?rest_route=\/wp\/v2\/types\/post"}],"author":[{"embeddable":true,"href":"https:\/\/www.chornelimuenster.de\/index.php?rest_route=\/wp\/v2\/users\/27"}],"replies":[{"embeddable":true,"href":"https:\/\/www.chornelimuenster.de\/index.php?rest_route=%2Fwp%2Fv2%2Fcomments&post=6372"}],"version-history":[{"count":3,"href":"https:\/\/www.chornelimuenster.de\/index.php?rest_route=\/wp\/v2\/posts\/6372\/revisions"}],"predecessor-version":[{"id":6375,"href":"https:\/\/www.chornelimuenster.de\/index.php?rest_route=\/wp\/v2\/posts\/6372\/revisions\/6375"}],"wp:attachment":[{"href":"https:\/\/www.chornelimuenster.de\/index.php?rest_route=%2Fwp%2Fv2%2Fmedia&parent=6372"}],"wp:term":[{"taxonomy":"category","embeddable":true,"href":"https:\/\/www.chornelimuenster.de\/index.php?rest_route=%2Fwp%2Fv2%2Fcategories&post=6372"},{"taxonomy":"post_tag","embeddable":true,"href":"https:\/\/www.chornelimuenster.de\/index.php?rest_route=%2Fwp%2Fv2%2Ftags&post=6372"}],"curies":[{"name":"wp","href":"https:\/\/api.w.org\/{rel}","templated":true}]}}