{"id":5577,"date":"2018-07-21T07:07:06","date_gmt":"2018-07-21T05:07:06","guid":{"rendered":"http:\/\/www.chornelimuenster.de\/?p=5577"},"modified":"2019-06-16T12:21:31","modified_gmt":"2019-06-16T10:21:31","slug":"beziehungslieder-im-sommerkonzert-2018","status":"publish","type":"post","link":"https:\/\/www.chornelimuenster.de\/?p=5577","title":{"rendered":"\u201eBeziehungslieder\u201c im Sommerkonzert 2018"},"content":{"rendered":"<p><a href=\"http:\/\/www.chornelimuenster.de\/wp-content\/uploads\/2018\/07\/sommerkonzert-1.jpg\" rel=\"lightbox[5577]\"><img loading=\"lazy\" decoding=\"async\" class=\"aligncenter wp-image-5580\" src=\"http:\/\/www.chornelimuenster.de\/wp-content\/uploads\/2018\/07\/sommerkonzert-1.jpg\" alt=\"\" width=\"533\" height=\"355\" srcset=\"https:\/\/www.chornelimuenster.de\/wp-content\/uploads\/2018\/07\/sommerkonzert-1.jpg 800w, https:\/\/www.chornelimuenster.de\/wp-content\/uploads\/2018\/07\/sommerkonzert-1-300x200.jpg 300w, https:\/\/www.chornelimuenster.de\/wp-content\/uploads\/2018\/07\/sommerkonzert-1-768x512.jpg 768w\" sizes=\"auto, (max-width: 533px) 100vw, 533px\" \/><\/a><strong>\u201eUn poquito Samba\u201c<\/strong> oder <strong>\u201eeine kleine Samba\u201c<\/strong> hie\u00df das Lied, mit dem der CHORnelim\u00fcnster sein diesj\u00e4hriges Sommerkonzert er\u00f6ffnete. Es sollte die Zuh\u00f6rer gleich von Beginn an zu den sommerlichen Temperaturen in s\u00fcdliche Stimmung versetzen. Dies wurde vom Duo <strong>Tango Tambien<\/strong> zum Beispiel mit Musik aus der <strong>Sonatina Tropical<\/strong> und dem Titel <strong>\u201eTico Tico\u201c<\/strong> unterst\u00fctzt.<\/p>\n<p><strong>Die Beziehungslieder<\/strong> des Chores begannen dann mit<strong> \u201eSee you in September\u201c<\/strong>, einem Lied, das bei der Verabschiedung in den Urlaub auf dem Bahnhof, die Sorge um eine Beziehung in Gefahr beschreibt. Dann folgte <strong>Paul McCartneys \u201eLet it Be\u201c<\/strong>. Diese Worte hatte er im Traum von seiner verstorbenen Mutter geh\u00f6rt. Sie vermittelten ihm Hoffnung und Zuversicht. Bei <strong>\u201eThe Longest Time\u201c<\/strong> von <strong>Billy Joel<\/strong>, bei <strong>\u201eCan you feel the Love tonight\u201c<\/strong> aus dem Musical <strong>K\u00f6nig der L\u00f6wen<\/strong>, bei dem mittelalterlichen <strong>\u201eGreensleeves\u201c<\/strong> und dem Lied <strong>\u201eBlack Orpheus\u201c<\/strong> aus dem Musical <strong>Orfeo Negro<\/strong> ging es immer um die <strong>Liebe in Beziehungen<\/strong>.<\/p>\n<p>Nach dem 2. Block des Duos <strong>Tango Tambien<\/strong>, der drei Tangos beinhaltete, brachte der Chor verschiedene deutschsprachige Lieder zur Auff\u00fchrung, wie das Lied <strong>\u201eNette Begegnung\u201c<\/strong> und <strong>\u201eDas Rendezvous\u201c<\/strong> von <strong>Oliver Gies<\/strong>. Es folgten<strong> \u201eWas kann ich denn daf\u00fcr\u201c<\/strong> \u2013 die deutschsprachige Version von <strong>\u201eSomething stupid\u201c<\/strong> und das Lied <strong>\u201eDr\u00fcck die 1\u201c<\/strong>, bei dem sich das Ende einer Beziehung in digitalen Zeiten am Telefon abspielt. Mit dem Lied <strong>\u201eThe Rose\u201c<\/strong> von <strong>Amanda McBroom<\/strong> wurde es besinnlich. Drei Chormitglieder \u00fcbernahmen die Soli f\u00fcr Alt, Tenor und Sopran und der Chor sang nur den Background. Das letzte Lied des Programms war der Jazz-Klassiker <strong>\u201eLet\u2019s call the whole thing off\u201c<\/strong>, bei dem die Stimmen zu dem Schluss kommen: \u201e Lass uns die Meinungsverschieden-heiten vergessen!\u201c Auch bei diesem St\u00fcck wurde der Chor von <strong>Theo Palm<\/strong> am Keyboard gekonnt begleitet.<\/p>\n<p>Zum Abschluss gratulierte die Chorleiterin <strong>Elena Sibirtseva<\/strong> dem Chor zu diesem sehr gelungenen Konzert und dankte allen f\u00fcr ihre Unterst\u00fctzung.<\/p>\n","protected":false},"excerpt":{"rendered":"<p>\u201eUn poquito Samba\u201c oder \u201eeine kleine Samba\u201c hie\u00df das Lied, mit dem der CHORnelim\u00fcnster sein diesj\u00e4hriges Sommerkonzert er\u00f6ffnete. Es sollte die Zuh\u00f6rer gleich von Beginn an zu den sommerlichen Temperaturen in s\u00fcdliche Stimmung versetzen. Dies wurde vom Duo Tango Tambien &hellip; <a href=\"https:\/\/www.chornelimuenster.de\/?p=5577\">Weiterlesen <span class=\"meta-nav\">&rarr;<\/span><\/a><\/p>\n","protected":false},"author":27,"featured_media":0,"comment_status":"closed","ping_status":"closed","sticky":false,"template":"","format":"standard","meta":{"ngg_post_thumbnail":0,"footnotes":""},"categories":[1],"tags":[],"class_list":["post-5577","post","type-post","status-publish","format-standard","hentry","category-allgemein"],"_links":{"self":[{"href":"https:\/\/www.chornelimuenster.de\/index.php?rest_route=\/wp\/v2\/posts\/5577","targetHints":{"allow":["GET"]}}],"collection":[{"href":"https:\/\/www.chornelimuenster.de\/index.php?rest_route=\/wp\/v2\/posts"}],"about":[{"href":"https:\/\/www.chornelimuenster.de\/index.php?rest_route=\/wp\/v2\/types\/post"}],"author":[{"embeddable":true,"href":"https:\/\/www.chornelimuenster.de\/index.php?rest_route=\/wp\/v2\/users\/27"}],"replies":[{"embeddable":true,"href":"https:\/\/www.chornelimuenster.de\/index.php?rest_route=%2Fwp%2Fv2%2Fcomments&post=5577"}],"version-history":[{"count":4,"href":"https:\/\/www.chornelimuenster.de\/index.php?rest_route=\/wp\/v2\/posts\/5577\/revisions"}],"predecessor-version":[{"id":5584,"href":"https:\/\/www.chornelimuenster.de\/index.php?rest_route=\/wp\/v2\/posts\/5577\/revisions\/5584"}],"wp:attachment":[{"href":"https:\/\/www.chornelimuenster.de\/index.php?rest_route=%2Fwp%2Fv2%2Fmedia&parent=5577"}],"wp:term":[{"taxonomy":"category","embeddable":true,"href":"https:\/\/www.chornelimuenster.de\/index.php?rest_route=%2Fwp%2Fv2%2Fcategories&post=5577"},{"taxonomy":"post_tag","embeddable":true,"href":"https:\/\/www.chornelimuenster.de\/index.php?rest_route=%2Fwp%2Fv2%2Ftags&post=5577"}],"curies":[{"name":"wp","href":"https:\/\/api.w.org\/{rel}","templated":true}]}}