{"id":5210,"date":"2017-07-16T19:39:29","date_gmt":"2017-07-16T17:39:29","guid":{"rendered":"http:\/\/www.chornelimuenster.de\/?p=5210"},"modified":"2019-06-16T12:21:59","modified_gmt":"2019-06-16T10:21:59","slug":"vielen-dank-martin-das-war-spitze","status":"publish","type":"post","link":"https:\/\/www.chornelimuenster.de\/?p=5210","title":{"rendered":"Vielen Dank Martin, das war Spitze!!!"},"content":{"rendered":"<p>Alle S\u00e4ngerinnen und S\u00e4nger des CHORnelim\u00fcnster m\u00f6chten sich bei dir an dieser Stelle noch einmal f\u00fcr das tolle Sommerkonzert unter deiner Leitung am gestrigen Sonntag im Inda-Gymnasium bedanken.<\/p>\n<p>Unser Auftritt in der Aula Carolina bei der \u201aLangen Chornacht\u2018 im Rahmen der Internationalen Chorbiennale Aachen war schon toll!<\/p>\n<p><a href=\"http:\/\/www.chornelimuenster.de\/wp-content\/uploads\/2017\/07\/foto_034.jpg\" rel=\"lightbox[5210]\"><img loading=\"lazy\" decoding=\"async\" class=\"alignnone size-full wp-image-5212\" src=\"http:\/\/www.chornelimuenster.de\/wp-content\/uploads\/2017\/07\/foto_034.jpg\" alt=\"\" width=\"1200\" height=\"800\" srcset=\"https:\/\/www.chornelimuenster.de\/wp-content\/uploads\/2017\/07\/foto_034.jpg 1200w, https:\/\/www.chornelimuenster.de\/wp-content\/uploads\/2017\/07\/foto_034-300x200.jpg 300w, https:\/\/www.chornelimuenster.de\/wp-content\/uploads\/2017\/07\/foto_034-768x512.jpg 768w, https:\/\/www.chornelimuenster.de\/wp-content\/uploads\/2017\/07\/foto_034-1024x683.jpg 1024w\" sizes=\"auto, (max-width: 1200px) 100vw, 1200px\" \/><\/a><\/p>\n<p>Aber das Sommerkonzert mit Unterst\u00fctzung der Band um Bernhard Gerards war f\u00fcr uns alle ein fantastisches Erlebnis!<\/p>\n<p><a href=\"http:\/\/www.chornelimuenster.de\/wp-content\/uploads\/2017\/07\/foto_046.jpg\" rel=\"lightbox[5210]\"><img loading=\"lazy\" decoding=\"async\" class=\"alignnone size-full wp-image-5214\" src=\"http:\/\/www.chornelimuenster.de\/wp-content\/uploads\/2017\/07\/foto_046.jpg\" alt=\"\" width=\"2400\" height=\"800\" srcset=\"https:\/\/www.chornelimuenster.de\/wp-content\/uploads\/2017\/07\/foto_046.jpg 2400w, https:\/\/www.chornelimuenster.de\/wp-content\/uploads\/2017\/07\/foto_046-300x100.jpg 300w, https:\/\/www.chornelimuenster.de\/wp-content\/uploads\/2017\/07\/foto_046-768x256.jpg 768w, https:\/\/www.chornelimuenster.de\/wp-content\/uploads\/2017\/07\/foto_046-1024x341.jpg 1024w\" sizes=\"auto, (max-width: 2400px) 100vw, 2400px\" \/><\/a><\/p>\n<p>Nochmals Danke und alles Gute !<\/p>\n<p>&nbsp;<\/p>\n","protected":false},"excerpt":{"rendered":"<p>Alle S\u00e4ngerinnen und S\u00e4nger des CHORnelim\u00fcnster m\u00f6chten sich bei dir an dieser Stelle noch einmal f\u00fcr das tolle Sommerkonzert unter deiner Leitung am gestrigen Sonntag im Inda-Gymnasium bedanken. Unser Auftritt in der Aula Carolina bei der \u201aLangen Chornacht\u2018 im Rahmen &hellip; <a href=\"https:\/\/www.chornelimuenster.de\/?p=5210\">Weiterlesen <span class=\"meta-nav\">&rarr;<\/span><\/a><\/p>\n","protected":false},"author":27,"featured_media":0,"comment_status":"closed","ping_status":"closed","sticky":false,"template":"","format":"standard","meta":{"ngg_post_thumbnail":0,"footnotes":""},"categories":[1],"tags":[],"class_list":["post-5210","post","type-post","status-publish","format-standard","hentry","category-allgemein"],"_links":{"self":[{"href":"https:\/\/www.chornelimuenster.de\/index.php?rest_route=\/wp\/v2\/posts\/5210","targetHints":{"allow":["GET"]}}],"collection":[{"href":"https:\/\/www.chornelimuenster.de\/index.php?rest_route=\/wp\/v2\/posts"}],"about":[{"href":"https:\/\/www.chornelimuenster.de\/index.php?rest_route=\/wp\/v2\/types\/post"}],"author":[{"embeddable":true,"href":"https:\/\/www.chornelimuenster.de\/index.php?rest_route=\/wp\/v2\/users\/27"}],"replies":[{"embeddable":true,"href":"https:\/\/www.chornelimuenster.de\/index.php?rest_route=%2Fwp%2Fv2%2Fcomments&post=5210"}],"version-history":[{"count":3,"href":"https:\/\/www.chornelimuenster.de\/index.php?rest_route=\/wp\/v2\/posts\/5210\/revisions"}],"predecessor-version":[{"id":5215,"href":"https:\/\/www.chornelimuenster.de\/index.php?rest_route=\/wp\/v2\/posts\/5210\/revisions\/5215"}],"wp:attachment":[{"href":"https:\/\/www.chornelimuenster.de\/index.php?rest_route=%2Fwp%2Fv2%2Fmedia&parent=5210"}],"wp:term":[{"taxonomy":"category","embeddable":true,"href":"https:\/\/www.chornelimuenster.de\/index.php?rest_route=%2Fwp%2Fv2%2Fcategories&post=5210"},{"taxonomy":"post_tag","embeddable":true,"href":"https:\/\/www.chornelimuenster.de\/index.php?rest_route=%2Fwp%2Fv2%2Ftags&post=5210"}],"curies":[{"name":"wp","href":"https:\/\/api.w.org\/{rel}","templated":true}]}}