{"id":3038,"date":"2016-01-24T00:19:12","date_gmt":"2016-01-23T22:19:12","guid":{"rendered":"http:\/\/www.chornelimuenster.de\/?p=3038"},"modified":"2019-06-16T12:26:26","modified_gmt":"2019-06-16T10:26:26","slug":"880-euro-aus-adventskonzert-gespendet-offene-proben-fuer-alle-interessenten-am-25-02-und-03-03-2016","status":"publish","type":"post","link":"https:\/\/www.chornelimuenster.de\/?p=3038","title":{"rendered":"880 Euro aus Adventskonzert gespendet &#8211; Offene Proben f\u00fcr alle Interessenten am 25.02. und 03.03.2016"},"content":{"rendered":"<p><span style=\"font-size: large\">Das Jahr 2016 begann am 14. 01. mit unserem Treffen zum Jahresanfang, wozu traditionell ein Glas Sekt oder Wein und das gemeinsame Ansehen und Anh\u00f6ren der Aufzeichnung unseres letzten Adventskonzertes geh\u00f6ren. Diesmal wurde auch ein runder Geburtstag gefeiert und die neuen Mitglieder luden zum Sekt ein.<\/span><\/p>\n<p><span style=\"font-size: large\">Das aktuelle Bild zeig<\/span><a href=\"http:\/\/www.chornelimuenster.de\/wp-content\/uploads\/2016\/01\/weihnachtskonzert2015.jpg\" rel=\"lightbox[3038]\"><img loading=\"lazy\" decoding=\"async\" class=\" wp-image-3039 alignleft\" src=\"http:\/\/www.chornelimuenster.de\/wp-content\/uploads\/2016\/01\/weihnachtskonzert2015-300x225.jpg\" alt=\"weihnachtskonzert2015\" width=\"398\" height=\"299\" srcset=\"https:\/\/www.chornelimuenster.de\/wp-content\/uploads\/2016\/01\/weihnachtskonzert2015-300x225.jpg 300w, https:\/\/www.chornelimuenster.de\/wp-content\/uploads\/2016\/01\/weihnachtskonzert2015-1024x768.jpg 1024w, https:\/\/www.chornelimuenster.de\/wp-content\/uploads\/2016\/01\/weihnachtskonzert2015.jpg 2048w\" sizes=\"auto, (max-width: 398px) 100vw, 398px\" \/><\/a><span style=\"font-size: large\">t <\/span><span style=\"font-size: large\">eine v<\/span><span style=\"font-size: large\">ollbesetzte Benediktinerabtei, bei der alle verf\u00fcgbaren Pl\u00e4tze und die zus\u00e4tzlichen St\u00fchle besetzt waren, sogar das Chorgest\u00fchl hinter dem Altar in Anspruch genommen werden musste, um allen Zuh\u00f6rern einen Platz zu bieten. <\/span><\/p>\n<p><span style=\"font-size: large\">Wir waren sehr zufrieden mit diesem Zuh\u00f6rerinteresse, aber auch mit unserem Auftritt und Elena Sibirtseva fand lobende Worte \u00fcber die Intonation und die Dynamik unseres Vortrags. <\/span><\/p>\n<p><span style=\"font-size: large\">Sehr zufrieden waren wir auch mit dem Spenden-Ergebnis unseres Konzertes, da wir nach Abzug aller Kosten der Veranstaltung <\/span><span style=\"font-size: large\"><b>880 Euro<\/b><\/span><span style=\"font-size: large\"> einnehmen konnten. <\/span><span style=\"font-size: large\"><b>Allen Spendern m\u00f6chten wir an dieser Stelle herzlich danken!<\/b><\/span><\/p>\n<p><span style=\"font-size: large\">Dieser Betrag wird zu gleic<\/span><span style=\"font-size: large\">hen Teilen \u00fcber <\/span><span style=\"font-size: large\"><b>\u201eMenschen helfen Menschen\u201c <\/b><\/span><span style=\"font-size: large\">an die Fl\u00fcchtlinge und an den <\/span><span style=\"font-size: large\"><b>\u201eKinderschutzbund\u201c <\/b><\/span><span style=\"font-size: large\">in Aachen gehen und in den n\u00e4chsten Tagen \u00fcberwiesen werden. <\/span><\/p>\n<p><span style=\"font-size: large\">Wie in unserem Programm-Flyer angek\u00fcndigt, werden wir <\/span><span style=\"font-size: large\"><b>demn\u00e4chst zwei<\/b><\/span> <span style=\"font-size: large\"><b>offene Proben<\/b><\/span><span style=\"font-size: large\"> f\u00fcr Interessenten anbieten, da wir im Chor f\u00fcr die Stimmen <\/span><span style=\"font-size: large\"><b>Sopran und Bass<\/b><\/span><span style=\"font-size: large\"> Verst\u00e4rkung brauchen k\u00f6nnen. Die Termine hierf\u00fcr sind <\/span><span style=\"font-size: large\"><b>Donnerstag, der 25. 02. und Donnerstag, der 03. 03. 2016, jeweils um 20 Uhr in der Benediktinerabtei in Kornelim\u00fcnster.<\/b><\/span><\/p>\n<p><span style=\"font-size: large\">Am 11. 02. 2016 findet unsere j\u00e4hrliche Mitgliederversammlung statt, bei der das Programm f\u00fcr den Rest des Jahres abgestimmt und festgelegt wird. Es verspricht wieder ein interessantes Jahr zu werden. <\/span><\/p>\n","protected":false},"excerpt":{"rendered":"<p>Das Jahr 2016 begann am 14. 01. mit unserem Treffen zum Jahresanfang, wozu traditionell ein Glas Sekt oder Wein und das gemeinsame Ansehen und Anh\u00f6ren der Aufzeichnung unseres letzten Adventskonzertes geh\u00f6ren. Diesmal wurde auch ein runder Geburtstag gefeiert und die &hellip; <a href=\"https:\/\/www.chornelimuenster.de\/?p=3038\">Weiterlesen <span class=\"meta-nav\">&rarr;<\/span><\/a><\/p>\n","protected":false},"author":27,"featured_media":0,"comment_status":"closed","ping_status":"closed","sticky":false,"template":"","format":"standard","meta":{"ngg_post_thumbnail":0,"footnotes":""},"categories":[1],"tags":[],"class_list":["post-3038","post","type-post","status-publish","format-standard","hentry","category-allgemein"],"_links":{"self":[{"href":"https:\/\/www.chornelimuenster.de\/index.php?rest_route=\/wp\/v2\/posts\/3038","targetHints":{"allow":["GET"]}}],"collection":[{"href":"https:\/\/www.chornelimuenster.de\/index.php?rest_route=\/wp\/v2\/posts"}],"about":[{"href":"https:\/\/www.chornelimuenster.de\/index.php?rest_route=\/wp\/v2\/types\/post"}],"author":[{"embeddable":true,"href":"https:\/\/www.chornelimuenster.de\/index.php?rest_route=\/wp\/v2\/users\/27"}],"replies":[{"embeddable":true,"href":"https:\/\/www.chornelimuenster.de\/index.php?rest_route=%2Fwp%2Fv2%2Fcomments&post=3038"}],"version-history":[{"count":9,"href":"https:\/\/www.chornelimuenster.de\/index.php?rest_route=\/wp\/v2\/posts\/3038\/revisions"}],"predecessor-version":[{"id":3059,"href":"https:\/\/www.chornelimuenster.de\/index.php?rest_route=\/wp\/v2\/posts\/3038\/revisions\/3059"}],"wp:attachment":[{"href":"https:\/\/www.chornelimuenster.de\/index.php?rest_route=%2Fwp%2Fv2%2Fmedia&parent=3038"}],"wp:term":[{"taxonomy":"category","embeddable":true,"href":"https:\/\/www.chornelimuenster.de\/index.php?rest_route=%2Fwp%2Fv2%2Fcategories&post=3038"},{"taxonomy":"post_tag","embeddable":true,"href":"https:\/\/www.chornelimuenster.de\/index.php?rest_route=%2Fwp%2Fv2%2Ftags&post=3038"}],"curies":[{"name":"wp","href":"https:\/\/api.w.org\/{rel}","templated":true}]}}